{"id":16575,"date":"2026-03-05T12:02:43","date_gmt":"2026-03-05T11:02:43","guid":{"rendered":"https:\/\/www.cerameurop.com\/non-categorise\/cluster-implications-in-ceramic\/"},"modified":"2026-03-05T12:02:43","modified_gmt":"2026-03-05T11:02:43","slug":"cluster-implications-in-ceramic","status":"publish","type":"post","link":"https:\/\/www.cerameurop.com\/en\/news\/cluster-implications-in-ceramic\/","title":{"rendered":"Cluster implications in CERAMIC+"},"content":{"rendered":"<p align=\"justify\">The European Cluster of Ceramics is a beneficiary of an<b> Interreg Sudoe project, co-financed by the ERDF<\/b>, for a duration of 36 months (01\/06\/2025 \u2013 31\/05\/2028), to revitalize and internationalize the artisanal ceramics sector. This project promotes cooperation between four Sudoe regions, representatives of the sector: Valencian Community (Spain), Centre (Portugal), Nouvelle-Aquitaine, and Occitanie (France). It represents a consortium of 10 beneficiaries and 13 associated partners, with the mission to implement sustainable solutions, <span style=\"color: #000000;\">to develop the innovation capabilities of SMEs and artisans. Indeed, three working groups have been developed: <\/span>   <\/p>\n<ol>\n<li>\n<p align=\"justify\"><b><b><span style=\"color: #000000;\">Preservation of cultural heritage<\/span><\/b><\/b> through a digitized inventory of techniques, products, and know-how. In this context, the Cluster\u2019s mission is to collect three testimonies of porcelain and earthenware makers to preserve their know-how.  <span style=\"color: #000000;\">The expected result is the creation of an open access virtual library, operated by ENSAD Limoges.<\/span><\/p>\n<\/li>\n<\/ol>\n<ol start=\"2\">\n<li>\n<p align=\"justify\"><b>Development and adoption of advanced technologies<\/b> through pilot activities validating technological solutions to be integrated into the artisanal sector to increase the competitiveness of SMEs and artisans. The Cluster is responsible for developing a Marketplace, whose purpose is to present products resulting from the hybridization of artisanal know-how with technologies. Sustainable over time, it is a tool, free in charge, for valorizing the actors of the sector: each interested actor, from the Sudoe Region, will be able to complete their activity sheet with the content they wish, develop their network through contact forms, showcase their activity and increase their visibility.  <\/p>\n<\/li>\n<\/ol>\n<ol start=\"3\">\n<li>\n<p align=\"justify\"><b>Implementation of strategies and action plans,<\/b> under the responsibility of the Cluster. A Committee of Experts has been set up with representatives of the beneficiaries and associated partners. External experts may join the committee during the project. The work includes a comparative study of European innovation capacities, which will lead to the development of a common strategy for supporting innovation and four regional action plans.   <\/p>\n<\/li>\n<\/ol>\n<p align=\"justify\"><span style=\"color: #000000;\">Finally, the Cluster is responsible for the communication and dissemination plan. In this context, it manages the communication strategy and participates in exhibitions \/ conventions, such as Ceramitec to promote CERAMIC+.  <\/span><\/p>\n<p>&nbsp;<\/p>\n","protected":false},"excerpt":{"rendered":"<p>The European Cluster of Ceramics is a beneficiary of an Interreg Sudoe project, co-financed by the ERDF, for a duration of 36 months (01\/06\/2025 \u2013 31\/05\/2028), to revitalize and internationalize the artisanal ceramics sector. This project promotes cooperation between four Sudoe regions, representatives of the sector: Valencian Community (Spain), Centre (Portugal), Nouvelle-Aquitaine, and Occitanie (France). [&hellip;]<\/p>\n","protected":false},"author":1,"featured_media":16574,"comment_status":"closed","ping_status":"closed","sticky":false,"template":"","format":"standard","meta":{"_acf_changed":false,"footnotes":""},"categories":[1979],"tags":[1988],"class_list":["post-16575","post","type-post","status-publish","format-standard","has-post-thumbnail","hentry","category-news","tag-europe"],"acf":[],"yoast_head":"<!-- This site is optimized with the Yoast SEO plugin v27.2 - https:\/\/yoast.com\/product\/yoast-seo-wordpress\/ -->\n<title>Cluster implications in CERAMIC+ | P\u00f4le europ\u00e9en de la c\u00e9ramique<\/title>\n<meta name=\"robots\" content=\"index, follow, max-snippet:-1, max-image-preview:large, max-video-preview:-1\" \/>\n<link rel=\"canonical\" href=\"https:\/\/www.cerameurop.com\/en\/news\/cluster-implications-in-ceramic\/\" \/>\n<meta property=\"og:locale\" content=\"en_US\" \/>\n<meta property=\"og:type\" content=\"article\" \/>\n<meta property=\"og:title\" content=\"Cluster implications in CERAMIC+ | P\u00f4le europ\u00e9en de la c\u00e9ramique\" \/>\n<meta property=\"og:description\" content=\"The European Cluster of Ceramics is a beneficiary of an Interreg Sudoe project, co-financed by the ERDF, for a duration of 36 months (01\/06\/2025 \u2013 31\/05\/2028), to revitalize and internationalize the artisanal ceramics sector. This project promotes cooperation between four Sudoe regions, representatives of the sector: Valencian Community (Spain), Centre (Portugal), Nouvelle-Aquitaine, and Occitanie (France). [&hellip;]\" \/>\n<meta property=\"og:url\" content=\"https:\/\/www.cerameurop.com\/en\/news\/cluster-implications-in-ceramic\/\" \/>\n<meta property=\"og:site_name\" content=\"P\u00f4le europ\u00e9en de la c\u00e9ramique\" \/>\n<meta property=\"article:publisher\" content=\"https:\/\/www.facebook.com\/profile.php?id=100054339318607\" \/>\n<meta property=\"article:published_time\" content=\"2026-03-05T11:02:43+00:00\" \/>\n<meta property=\"og:image\" content=\"https:\/\/www.cerameurop.com\/wp-content\/uploads\/2026\/03\/260226_Article-CERAMIC.webp\" \/>\n\t<meta property=\"og:image:width\" content=\"1136\" \/>\n\t<meta property=\"og:image:height\" content=\"640\" \/>\n\t<meta property=\"og:image:type\" content=\"image\/webp\" \/>\n<meta name=\"author\" content=\"iticom\" \/>\n<meta name=\"twitter:card\" content=\"summary_large_image\" \/>\n<meta name=\"twitter:label1\" content=\"Written by\" \/>\n\t<meta name=\"twitter:data1\" content=\"iticom\" \/>\n\t<meta name=\"twitter:label2\" content=\"Est. reading time\" \/>\n\t<meta name=\"twitter:data2\" content=\"2 minutes\" \/>\n<script type=\"application\/ld+json\" class=\"yoast-schema-graph\">{\"@context\":\"https:\/\/schema.org\",\"@graph\":[{\"@type\":\"Article\",\"@id\":\"https:\/\/www.cerameurop.com\/en\/news\/cluster-implications-in-ceramic\/#article\",\"isPartOf\":{\"@id\":\"https:\/\/www.cerameurop.com\/en\/news\/cluster-implications-in-ceramic\/\"},\"author\":{\"name\":\"iticom\",\"@id\":\"https:\/\/www.cerameurop.com\/en\/#\/schema\/person\/cf6b0d1b0e7d719e7a48aa898b3f9719\"},\"headline\":\"Cluster implications in CERAMIC+\",\"datePublished\":\"2026-03-05T11:02:43+00:00\",\"mainEntityOfPage\":{\"@id\":\"https:\/\/www.cerameurop.com\/en\/news\/cluster-implications-in-ceramic\/\"},\"wordCount\":333,\"publisher\":{\"@id\":\"https:\/\/www.cerameurop.com\/en\/#organization\"},\"image\":{\"@id\":\"https:\/\/www.cerameurop.com\/en\/news\/cluster-implications-in-ceramic\/#primaryimage\"},\"thumbnailUrl\":\"https:\/\/www.cerameurop.com\/wp-content\/uploads\/2026\/03\/260226_Article-CERAMIC.webp\",\"keywords\":[\"Europe\"],\"articleSection\":[\"News\"],\"inLanguage\":\"en-US\"},{\"@type\":\"WebPage\",\"@id\":\"https:\/\/www.cerameurop.com\/en\/news\/cluster-implications-in-ceramic\/\",\"url\":\"https:\/\/www.cerameurop.com\/en\/news\/cluster-implications-in-ceramic\/\",\"name\":\"Cluster implications in CERAMIC+ | P\u00f4le europ\u00e9en de la c\u00e9ramique\",\"isPartOf\":{\"@id\":\"https:\/\/www.cerameurop.com\/en\/#website\"},\"primaryImageOfPage\":{\"@id\":\"https:\/\/www.cerameurop.com\/en\/news\/cluster-implications-in-ceramic\/#primaryimage\"},\"image\":{\"@id\":\"https:\/\/www.cerameurop.com\/en\/news\/cluster-implications-in-ceramic\/#primaryimage\"},\"thumbnailUrl\":\"https:\/\/www.cerameurop.com\/wp-content\/uploads\/2026\/03\/260226_Article-CERAMIC.webp\",\"datePublished\":\"2026-03-05T11:02:43+00:00\",\"breadcrumb\":{\"@id\":\"https:\/\/www.cerameurop.com\/en\/news\/cluster-implications-in-ceramic\/#breadcrumb\"},\"inLanguage\":\"en-US\",\"potentialAction\":[{\"@type\":\"ReadAction\",\"target\":[\"https:\/\/www.cerameurop.com\/en\/news\/cluster-implications-in-ceramic\/\"]}]},{\"@type\":\"ImageObject\",\"inLanguage\":\"en-US\",\"@id\":\"https:\/\/www.cerameurop.com\/en\/news\/cluster-implications-in-ceramic\/#primaryimage\",\"url\":\"https:\/\/www.cerameurop.com\/wp-content\/uploads\/2026\/03\/260226_Article-CERAMIC.webp\",\"contentUrl\":\"https:\/\/www.cerameurop.com\/wp-content\/uploads\/2026\/03\/260226_Article-CERAMIC.webp\",\"width\":1136,\"height\":640},{\"@type\":\"BreadcrumbList\",\"@id\":\"https:\/\/www.cerameurop.com\/en\/news\/cluster-implications-in-ceramic\/#breadcrumb\",\"itemListElement\":[{\"@type\":\"ListItem\",\"position\":1,\"name\":\"Accueil\",\"item\":\"https:\/\/www.cerameurop.com\/en\/\"},{\"@type\":\"ListItem\",\"position\":2,\"name\":\"Cluster implications in CERAMIC+\"}]},{\"@type\":\"WebSite\",\"@id\":\"https:\/\/www.cerameurop.com\/en\/#website\",\"url\":\"https:\/\/www.cerameurop.com\/en\/\",\"name\":\"P\u00f4le europ\u00e9en de la c\u00e9ramique\",\"description\":\"\",\"publisher\":{\"@id\":\"https:\/\/www.cerameurop.com\/en\/#organization\"},\"potentialAction\":[{\"@type\":\"SearchAction\",\"target\":{\"@type\":\"EntryPoint\",\"urlTemplate\":\"https:\/\/www.cerameurop.com\/en\/?s={search_term_string}\"},\"query-input\":{\"@type\":\"PropertyValueSpecification\",\"valueRequired\":true,\"valueName\":\"search_term_string\"}}],\"inLanguage\":\"en-US\"},{\"@type\":\"Organization\",\"@id\":\"https:\/\/www.cerameurop.com\/en\/#organization\",\"name\":\"P\u00f4le europ\u00e9en de la c\u00e9ramique\",\"url\":\"https:\/\/www.cerameurop.com\/en\/\",\"logo\":{\"@type\":\"ImageObject\",\"inLanguage\":\"en-US\",\"@id\":\"https:\/\/www.cerameurop.com\/en\/#\/schema\/logo\/image\/\",\"url\":\"https:\/\/www.cerameurop.com\/wp-content\/uploads\/2025\/12\/LOGO_POLE_EUROPEEN_DE_LA_CERAMIQUE-1024x450-1.webp\",\"contentUrl\":\"https:\/\/www.cerameurop.com\/wp-content\/uploads\/2025\/12\/LOGO_POLE_EUROPEEN_DE_LA_CERAMIQUE-1024x450-1.webp\",\"width\":1024,\"height\":450,\"caption\":\"P\u00f4le europ\u00e9en de la c\u00e9ramique\"},\"image\":{\"@id\":\"https:\/\/www.cerameurop.com\/en\/#\/schema\/logo\/image\/\"},\"sameAs\":[\"https:\/\/www.facebook.com\/profile.php?id=100054339318607\",\"https:\/\/www.linkedin.com\/company\/p\u00f4le-europ\u00e9en-de-la-c\u00e9ramique\/\"]},{\"@type\":\"Person\",\"@id\":\"https:\/\/www.cerameurop.com\/en\/#\/schema\/person\/cf6b0d1b0e7d719e7a48aa898b3f9719\",\"name\":\"iticom\",\"image\":{\"@type\":\"ImageObject\",\"inLanguage\":\"en-US\",\"@id\":\"https:\/\/secure.gravatar.com\/avatar\/ad1e47817bf6056a1ed3bd221b7cc749bf7841287be228675cb01f94a108065c?s=96&d=mm&r=g\",\"url\":\"https:\/\/secure.gravatar.com\/avatar\/ad1e47817bf6056a1ed3bd221b7cc749bf7841287be228675cb01f94a108065c?s=96&d=mm&r=g\",\"contentUrl\":\"https:\/\/secure.gravatar.com\/avatar\/ad1e47817bf6056a1ed3bd221b7cc749bf7841287be228675cb01f94a108065c?s=96&d=mm&r=g\",\"caption\":\"iticom\"},\"sameAs\":[\"http:\/\/cerameurop.localcom\/www\"]}]}<\/script>\n<!-- \/ Yoast SEO plugin. -->","yoast_head_json":{"title":"Cluster implications in CERAMIC+ | P\u00f4le europ\u00e9en de la c\u00e9ramique","robots":{"index":"index","follow":"follow","max-snippet":"max-snippet:-1","max-image-preview":"max-image-preview:large","max-video-preview":"max-video-preview:-1"},"canonical":"https:\/\/www.cerameurop.com\/en\/news\/cluster-implications-in-ceramic\/","og_locale":"en_US","og_type":"article","og_title":"Cluster implications in CERAMIC+ | P\u00f4le europ\u00e9en de la c\u00e9ramique","og_description":"The European Cluster of Ceramics is a beneficiary of an Interreg Sudoe project, co-financed by the ERDF, for a duration of 36 months (01\/06\/2025 \u2013 31\/05\/2028), to revitalize and internationalize the artisanal ceramics sector. This project promotes cooperation between four Sudoe regions, representatives of the sector: Valencian Community (Spain), Centre (Portugal), Nouvelle-Aquitaine, and Occitanie (France). [&hellip;]","og_url":"https:\/\/www.cerameurop.com\/en\/news\/cluster-implications-in-ceramic\/","og_site_name":"P\u00f4le europ\u00e9en de la c\u00e9ramique","article_publisher":"https:\/\/www.facebook.com\/profile.php?id=100054339318607","article_published_time":"2026-03-05T11:02:43+00:00","og_image":[{"width":1136,"height":640,"url":"https:\/\/www.cerameurop.com\/wp-content\/uploads\/2026\/03\/260226_Article-CERAMIC.webp","type":"image\/webp"}],"author":"iticom","twitter_card":"summary_large_image","twitter_misc":{"Written by":"iticom","Est. reading time":"2 minutes"},"schema":{"@context":"https:\/\/schema.org","@graph":[{"@type":"Article","@id":"https:\/\/www.cerameurop.com\/en\/news\/cluster-implications-in-ceramic\/#article","isPartOf":{"@id":"https:\/\/www.cerameurop.com\/en\/news\/cluster-implications-in-ceramic\/"},"author":{"name":"iticom","@id":"https:\/\/www.cerameurop.com\/en\/#\/schema\/person\/cf6b0d1b0e7d719e7a48aa898b3f9719"},"headline":"Cluster implications in CERAMIC+","datePublished":"2026-03-05T11:02:43+00:00","mainEntityOfPage":{"@id":"https:\/\/www.cerameurop.com\/en\/news\/cluster-implications-in-ceramic\/"},"wordCount":333,"publisher":{"@id":"https:\/\/www.cerameurop.com\/en\/#organization"},"image":{"@id":"https:\/\/www.cerameurop.com\/en\/news\/cluster-implications-in-ceramic\/#primaryimage"},"thumbnailUrl":"https:\/\/www.cerameurop.com\/wp-content\/uploads\/2026\/03\/260226_Article-CERAMIC.webp","keywords":["Europe"],"articleSection":["News"],"inLanguage":"en-US"},{"@type":"WebPage","@id":"https:\/\/www.cerameurop.com\/en\/news\/cluster-implications-in-ceramic\/","url":"https:\/\/www.cerameurop.com\/en\/news\/cluster-implications-in-ceramic\/","name":"Cluster implications in CERAMIC+ | P\u00f4le europ\u00e9en de la c\u00e9ramique","isPartOf":{"@id":"https:\/\/www.cerameurop.com\/en\/#website"},"primaryImageOfPage":{"@id":"https:\/\/www.cerameurop.com\/en\/news\/cluster-implications-in-ceramic\/#primaryimage"},"image":{"@id":"https:\/\/www.cerameurop.com\/en\/news\/cluster-implications-in-ceramic\/#primaryimage"},"thumbnailUrl":"https:\/\/www.cerameurop.com\/wp-content\/uploads\/2026\/03\/260226_Article-CERAMIC.webp","datePublished":"2026-03-05T11:02:43+00:00","breadcrumb":{"@id":"https:\/\/www.cerameurop.com\/en\/news\/cluster-implications-in-ceramic\/#breadcrumb"},"inLanguage":"en-US","potentialAction":[{"@type":"ReadAction","target":["https:\/\/www.cerameurop.com\/en\/news\/cluster-implications-in-ceramic\/"]}]},{"@type":"ImageObject","inLanguage":"en-US","@id":"https:\/\/www.cerameurop.com\/en\/news\/cluster-implications-in-ceramic\/#primaryimage","url":"https:\/\/www.cerameurop.com\/wp-content\/uploads\/2026\/03\/260226_Article-CERAMIC.webp","contentUrl":"https:\/\/www.cerameurop.com\/wp-content\/uploads\/2026\/03\/260226_Article-CERAMIC.webp","width":1136,"height":640},{"@type":"BreadcrumbList","@id":"https:\/\/www.cerameurop.com\/en\/news\/cluster-implications-in-ceramic\/#breadcrumb","itemListElement":[{"@type":"ListItem","position":1,"name":"Accueil","item":"https:\/\/www.cerameurop.com\/en\/"},{"@type":"ListItem","position":2,"name":"Cluster implications in CERAMIC+"}]},{"@type":"WebSite","@id":"https:\/\/www.cerameurop.com\/en\/#website","url":"https:\/\/www.cerameurop.com\/en\/","name":"P\u00f4le europ\u00e9en de la c\u00e9ramique","description":"","publisher":{"@id":"https:\/\/www.cerameurop.com\/en\/#organization"},"potentialAction":[{"@type":"SearchAction","target":{"@type":"EntryPoint","urlTemplate":"https:\/\/www.cerameurop.com\/en\/?s={search_term_string}"},"query-input":{"@type":"PropertyValueSpecification","valueRequired":true,"valueName":"search_term_string"}}],"inLanguage":"en-US"},{"@type":"Organization","@id":"https:\/\/www.cerameurop.com\/en\/#organization","name":"P\u00f4le europ\u00e9en de la c\u00e9ramique","url":"https:\/\/www.cerameurop.com\/en\/","logo":{"@type":"ImageObject","inLanguage":"en-US","@id":"https:\/\/www.cerameurop.com\/en\/#\/schema\/logo\/image\/","url":"https:\/\/www.cerameurop.com\/wp-content\/uploads\/2025\/12\/LOGO_POLE_EUROPEEN_DE_LA_CERAMIQUE-1024x450-1.webp","contentUrl":"https:\/\/www.cerameurop.com\/wp-content\/uploads\/2025\/12\/LOGO_POLE_EUROPEEN_DE_LA_CERAMIQUE-1024x450-1.webp","width":1024,"height":450,"caption":"P\u00f4le europ\u00e9en de la c\u00e9ramique"},"image":{"@id":"https:\/\/www.cerameurop.com\/en\/#\/schema\/logo\/image\/"},"sameAs":["https:\/\/www.facebook.com\/profile.php?id=100054339318607","https:\/\/www.linkedin.com\/company\/p\u00f4le-europ\u00e9en-de-la-c\u00e9ramique\/"]},{"@type":"Person","@id":"https:\/\/www.cerameurop.com\/en\/#\/schema\/person\/cf6b0d1b0e7d719e7a48aa898b3f9719","name":"iticom","image":{"@type":"ImageObject","inLanguage":"en-US","@id":"https:\/\/secure.gravatar.com\/avatar\/ad1e47817bf6056a1ed3bd221b7cc749bf7841287be228675cb01f94a108065c?s=96&d=mm&r=g","url":"https:\/\/secure.gravatar.com\/avatar\/ad1e47817bf6056a1ed3bd221b7cc749bf7841287be228675cb01f94a108065c?s=96&d=mm&r=g","contentUrl":"https:\/\/secure.gravatar.com\/avatar\/ad1e47817bf6056a1ed3bd221b7cc749bf7841287be228675cb01f94a108065c?s=96&d=mm&r=g","caption":"iticom"},"sameAs":["http:\/\/cerameurop.localcom\/www"]}]}},"_links":{"self":[{"href":"https:\/\/www.cerameurop.com\/en\/wp-json\/wp\/v2\/posts\/16575","targetHints":{"allow":["GET"]}}],"collection":[{"href":"https:\/\/www.cerameurop.com\/en\/wp-json\/wp\/v2\/posts"}],"about":[{"href":"https:\/\/www.cerameurop.com\/en\/wp-json\/wp\/v2\/types\/post"}],"author":[{"embeddable":true,"href":"https:\/\/www.cerameurop.com\/en\/wp-json\/wp\/v2\/users\/1"}],"replies":[{"embeddable":true,"href":"https:\/\/www.cerameurop.com\/en\/wp-json\/wp\/v2\/comments?post=16575"}],"version-history":[{"count":0,"href":"https:\/\/www.cerameurop.com\/en\/wp-json\/wp\/v2\/posts\/16575\/revisions"}],"wp:featuredmedia":[{"embeddable":true,"href":"https:\/\/www.cerameurop.com\/en\/wp-json\/wp\/v2\/media\/16574"}],"wp:attachment":[{"href":"https:\/\/www.cerameurop.com\/en\/wp-json\/wp\/v2\/media?parent=16575"}],"wp:term":[{"taxonomy":"category","embeddable":true,"href":"https:\/\/www.cerameurop.com\/en\/wp-json\/wp\/v2\/categories?post=16575"},{"taxonomy":"post_tag","embeddable":true,"href":"https:\/\/www.cerameurop.com\/en\/wp-json\/wp\/v2\/tags?post=16575"}],"curies":[{"name":"wp","href":"https:\/\/api.w.org\/{rel}","templated":true}]}}